{"id":1769,"date":"2016-02-04T09:13:31","date_gmt":"2016-02-04T14:13:31","guid":{"rendered":"http:\/\/iamaw2468.ca\/?p=1769"},"modified":"2016-02-04T09:13:31","modified_gmt":"2016-02-04T14:13:31","slug":"nouveau-membre-du-comite-des-griefs-rrc-pour-sl2468","status":"publish","type":"post","link":"http:\/\/iamaw2468.ca\/?p=1769&lang=fr","title":{"rendered":"Nouveau membre du comit\u00e9 des griefs (RRC) pour SL2468"},"content":{"rendered":"<p><a href=\"http:\/\/iamaw2468.ca\/wp-content\/uploads\/2016\/02\/Mario.jpg\"><img loading=\"lazy\" decoding=\"async\" class=\"wp-image-399 size-medium aligncenter\" src=\"http:\/\/iamaw2468.ca\/wp-content\/uploads\/2016\/02\/Mario-e1454594775143-230x300.jpg\" alt=\"Mario\" width=\"230\" height=\"300\" srcset=\"http:\/\/iamaw2468.ca\/wp-content\/uploads\/2016\/02\/Mario-e1454594775143-230x300.jpg 230w, http:\/\/iamaw2468.ca\/wp-content\/uploads\/2016\/02\/Mario-e1454594775143-784x1024.jpg 784w, http:\/\/iamaw2468.ca\/wp-content\/uploads\/2016\/02\/Mario-e1454594775143-115x150.jpg 115w, http:\/\/iamaw2468.ca\/wp-content\/uploads\/2016\/02\/Mario-e1454594775143-400x522.jpg 400w, http:\/\/iamaw2468.ca\/wp-content\/uploads\/2016\/02\/Mario-e1454594775143.jpg 1574w\" sizes=\"auto, (max-width: 230px) 100vw, 230px\" \/><\/a><\/p>\n<p>&nbsp;<\/p>\n<p>Mario est maintenant le troisi\u00e8me membre du Comit\u00e9 des griefs (RRC) SL2468. Il remplace Carole Pearson, qui a pris sa retraite l\u2019ann\u00e9e derni\u00e8re.<br \/>\nNous souhaitons tout le meilleur \u00e0 Mario dans son nouveau r\u00f4le avec la SL2468!<\/p>\n","protected":false},"excerpt":{"rendered":"<p>&nbsp; Mario est maintenant le troisi\u00e8me membre du Comit\u00e9 des griefs (RRC) SL2468. Il remplace Carole Pearson, qui a pris sa retraite l\u2019ann\u00e9e derni\u00e8re. Nous souhaitons tout le meilleur \u00e0 Mario dans son nouveau r\u00f4le avec la SL2468!<\/p>\n","protected":false},"author":2,"featured_media":0,"comment_status":"closed","ping_status":"closed","sticky":false,"template":"","format":"standard","meta":{"footnotes":""},"categories":[82],"tags":[],"class_list":["post-1769","post","type-post","status-publish","format-standard","hentry","category-retraites-es-retirees"],"_links":{"self":[{"href":"http:\/\/iamaw2468.ca\/index.php?rest_route=\/wp\/v2\/posts\/1769","targetHints":{"allow":["GET"]}}],"collection":[{"href":"http:\/\/iamaw2468.ca\/index.php?rest_route=\/wp\/v2\/posts"}],"about":[{"href":"http:\/\/iamaw2468.ca\/index.php?rest_route=\/wp\/v2\/types\/post"}],"author":[{"embeddable":true,"href":"http:\/\/iamaw2468.ca\/index.php?rest_route=\/wp\/v2\/users\/2"}],"replies":[{"embeddable":true,"href":"http:\/\/iamaw2468.ca\/index.php?rest_route=%2Fwp%2Fv2%2Fcomments&post=1769"}],"version-history":[{"count":0,"href":"http:\/\/iamaw2468.ca\/index.php?rest_route=\/wp\/v2\/posts\/1769\/revisions"}],"wp:attachment":[{"href":"http:\/\/iamaw2468.ca\/index.php?rest_route=%2Fwp%2Fv2%2Fmedia&parent=1769"}],"wp:term":[{"taxonomy":"category","embeddable":true,"href":"http:\/\/iamaw2468.ca\/index.php?rest_route=%2Fwp%2Fv2%2Fcategories&post=1769"},{"taxonomy":"post_tag","embeddable":true,"href":"http:\/\/iamaw2468.ca\/index.php?rest_route=%2Fwp%2Fv2%2Ftags&post=1769"}],"curies":[{"name":"wp","href":"https:\/\/api.w.org\/{rel}","templated":true}]}}