{"id":1774,"date":"2015-12-16T13:17:33","date_gmt":"2015-12-16T18:17:33","guid":{"rendered":"http:\/\/iamaw2468.ca\/?p=1774"},"modified":"2015-12-16T13:17:33","modified_gmt":"2015-12-16T18:17:33","slug":"postes-disponibles-sl-2468","status":"publish","type":"post","link":"http:\/\/iamaw2468.ca\/?p=1774&lang=fr","title":{"rendered":"Postes disponibles SL 2468"},"content":{"rendered":"<p>Les postes suivants sont disponibles :<\/p>\n<p>Membre du Comit\u00e9 des griefs \u2013 RRC<\/p>\n<p>\u00c9ducateur \u2013 Siemens ou RRC<\/p>\n<p>Les nominations pour le poste de membre du Comit\u00e9 des griefs \u2013 RRC aura lieu lors de la premi\u00e8re assembl\u00e9e g\u00e9n\u00e9rale mensuelle le 12 Janvier 2016.<\/p>\n<p>La position de l\u2019\u00e9ducateur est par nomination.<\/p>\n<p>Les responsabilit\u00e9s du Comit\u00e9 des griefs impliquent veiller \u00e0 ce que la convention collective est respect\u00e9e et de participer \u00e0 toutes les proc\u00e9dures impliquant la convention collective, par exemple: les griefs, l\u2019interpr\u00e9tation, la repr\u00e9sentation des membres, etc.<\/p>\n<p>Le r\u00f4le de l\u2019\u00e9ducateur est d\u2019aider \u00e0 la r\u00e9alisation de programmes d\u2019\u00e9ducation et de formation approuv\u00e9s par la Grande Loge et li\u00e9s \u00e0 l\u2019\u00e9ducation et la formation de la composition locale sur toutes les questions touchant les travailleurs et leurs familles.<\/p>\n<p>S\u2019il vous pla\u00eet contacter Shahira ou Matt concernant la position de la membre du Comit\u00e9 des griefs.<\/p>\n<p>S\u2019il vous pla\u00eet communiquer avec George, Matt, Nathalie ou Juliette concernant la position de l\u2019\u00e9ducateur.<\/p>\n","protected":false},"excerpt":{"rendered":"<p>Les postes suivants sont disponibles : Membre du Comit\u00e9 des griefs \u2013 RRC \u00c9ducateur \u2013 Siemens ou RRC Les nominations pour le poste de membre du Comit\u00e9 des griefs \u2013 RRC aura lieu lors de la premi\u00e8re assembl\u00e9e g\u00e9n\u00e9rale mensuelle le 12 Janvier 2016. La position de l\u2019\u00e9ducateur est par nomination. Les responsabilit\u00e9s du Comit\u00e9 des griefs impliquent veiller \u00e0<\/p>\n","protected":false},"author":2,"featured_media":0,"comment_status":"closed","ping_status":"closed","sticky":false,"template":"","format":"standard","meta":{"footnotes":""},"categories":[82],"tags":[],"class_list":["post-1774","post","type-post","status-publish","format-standard","hentry","category-retraites-es-retirees"],"_links":{"self":[{"href":"http:\/\/iamaw2468.ca\/index.php?rest_route=\/wp\/v2\/posts\/1774","targetHints":{"allow":["GET"]}}],"collection":[{"href":"http:\/\/iamaw2468.ca\/index.php?rest_route=\/wp\/v2\/posts"}],"about":[{"href":"http:\/\/iamaw2468.ca\/index.php?rest_route=\/wp\/v2\/types\/post"}],"author":[{"embeddable":true,"href":"http:\/\/iamaw2468.ca\/index.php?rest_route=\/wp\/v2\/users\/2"}],"replies":[{"embeddable":true,"href":"http:\/\/iamaw2468.ca\/index.php?rest_route=%2Fwp%2Fv2%2Fcomments&post=1774"}],"version-history":[{"count":0,"href":"http:\/\/iamaw2468.ca\/index.php?rest_route=\/wp\/v2\/posts\/1774\/revisions"}],"wp:attachment":[{"href":"http:\/\/iamaw2468.ca\/index.php?rest_route=%2Fwp%2Fv2%2Fmedia&parent=1774"}],"wp:term":[{"taxonomy":"category","embeddable":true,"href":"http:\/\/iamaw2468.ca\/index.php?rest_route=%2Fwp%2Fv2%2Fcategories&post=1774"},{"taxonomy":"post_tag","embeddable":true,"href":"http:\/\/iamaw2468.ca\/index.php?rest_route=%2Fwp%2Fv2%2Ftags&post=1774"}],"curies":[{"name":"wp","href":"https:\/\/api.w.org\/{rel}","templated":true}]}}