{"id":1783,"date":"2015-09-03T10:14:19","date_gmt":"2015-09-03T14:14:19","guid":{"rendered":"http:\/\/iamaw2468.ca\/?p=1783"},"modified":"2015-09-03T10:14:19","modified_gmt":"2015-09-03T14:14:19","slug":"ll2468-et-siemens-canada-signe-une-nouvelle-entente-collective","status":"publish","type":"post","link":"http:\/\/iamaw2468.ca\/?p=1783&lang=fr","title":{"rendered":"LL2468 et Siemens Canada signe une nouvelle entente collective"},"content":{"rendered":"<p>Le 31 Ao\u00fbt, 2015, les membres de la Comit\u00e9 de n\u00e9gociation de la SL2468 (employ\u00e9s Siemens Canada) ont sign\u00e9 la nouvelle convention collective avec leurs homologues de Siemens Canada. Les n\u00e9gociations ont \u00e9t\u00e9 tr\u00e8s rationalis\u00e9es et efficaces, ce qui a abouti \u00e0 la p\u00e9riode de n\u00e9gociation la plus courte depuis de nombreuses ann\u00e9es. La signature de la nouvelle entente deux semaines avant l\u2019expiration de l\u2019accord actuel est \u00e9galement un \u00e9v\u00e9nement rare.  <\/p>\n<p>F\u00e9licitations \u00e0 tous!<\/p>\n<p><a href=\"http:\/\/iamaw2468.ca\/wp-content\/uploads\/2015\/09\/Negs_Siemens_2015.jpg\"><img loading=\"lazy\" decoding=\"async\" class=\"alignnone wp-image-336 size-medium\" src=\"http:\/\/iamaw2468.ca\/wp-content\/uploads\/2015\/09\/Negs_Siemens_2015-e1441289349225-300x206.jpg\" alt=\"Negs_Siemens_2015\" width=\"300\" height=\"206\" srcset=\"http:\/\/iamaw2468.ca\/wp-content\/uploads\/2015\/09\/Negs_Siemens_2015-e1441289349225-300x206.jpg 300w, http:\/\/iamaw2468.ca\/wp-content\/uploads\/2015\/09\/Negs_Siemens_2015-e1441289349225-1024x702.jpg 1024w, http:\/\/iamaw2468.ca\/wp-content\/uploads\/2015\/09\/Negs_Siemens_2015-e1441289349225-150x103.jpg 150w, http:\/\/iamaw2468.ca\/wp-content\/uploads\/2015\/09\/Negs_Siemens_2015-e1441289349225-400x274.jpg 400w\" sizes=\"auto, (max-width: 300px) 100vw, 300px\" \/><\/a><\/p>\n","protected":false},"excerpt":{"rendered":"<p>Le 31 Ao\u00fbt, 2015, les membres de la Comit\u00e9 de n\u00e9gociation de la SL2468 (employ\u00e9s Siemens Canada) ont sign\u00e9 la nouvelle convention collective avec leurs homologues de Siemens Canada. Les n\u00e9gociations ont \u00e9t\u00e9 tr\u00e8s rationalis\u00e9es et efficaces, ce qui a abouti \u00e0 la p\u00e9riode de n\u00e9gociation la plus courte depuis de nombreuses ann\u00e9es. La signature de la nouvelle entente deux<\/p>\n","protected":false},"author":2,"featured_media":0,"comment_status":"closed","ping_status":"closed","sticky":false,"template":"","format":"standard","meta":{"footnotes":""},"categories":[60,88],"tags":[],"class_list":["post-1783","post","type-post","status-publish","format-standard","hentry","category-membres-fr","category-siemens-canada"],"_links":{"self":[{"href":"http:\/\/iamaw2468.ca\/index.php?rest_route=\/wp\/v2\/posts\/1783","targetHints":{"allow":["GET"]}}],"collection":[{"href":"http:\/\/iamaw2468.ca\/index.php?rest_route=\/wp\/v2\/posts"}],"about":[{"href":"http:\/\/iamaw2468.ca\/index.php?rest_route=\/wp\/v2\/types\/post"}],"author":[{"embeddable":true,"href":"http:\/\/iamaw2468.ca\/index.php?rest_route=\/wp\/v2\/users\/2"}],"replies":[{"embeddable":true,"href":"http:\/\/iamaw2468.ca\/index.php?rest_route=%2Fwp%2Fv2%2Fcomments&post=1783"}],"version-history":[{"count":0,"href":"http:\/\/iamaw2468.ca\/index.php?rest_route=\/wp\/v2\/posts\/1783\/revisions"}],"wp:attachment":[{"href":"http:\/\/iamaw2468.ca\/index.php?rest_route=%2Fwp%2Fv2%2Fmedia&parent=1783"}],"wp:term":[{"taxonomy":"category","embeddable":true,"href":"http:\/\/iamaw2468.ca\/index.php?rest_route=%2Fwp%2Fv2%2Fcategories&post=1783"},{"taxonomy":"post_tag","embeddable":true,"href":"http:\/\/iamaw2468.ca\/index.php?rest_route=%2Fwp%2Fv2%2Ftags&post=1783"}],"curies":[{"name":"wp","href":"https:\/\/api.w.org\/{rel}","templated":true}]}}