{"id":1797,"date":"2015-05-02T07:43:52","date_gmt":"2015-05-02T11:43:52","guid":{"rendered":"http:\/\/iamaw2468.ca\/?p=1797"},"modified":"2015-05-02T07:43:52","modified_gmt":"2015-05-02T11:43:52","slug":"marche-01-mai-2015","status":"publish","type":"post","link":"http:\/\/iamaw2468.ca\/?p=1797&lang=fr","title":{"rendered":"Marche 01 mai 2015"},"content":{"rendered":"<p style=\"text-align: center;\"><a href=\"http:\/\/iamaw2468.ca\/wp-content\/uploads\/2015\/05\/01-mai-2015.jpg\"><img loading=\"lazy\" decoding=\"async\" class=\"alignnone size-medium wp-image-254\" src=\"http:\/\/iamaw2468.ca\/wp-content\/uploads\/2015\/05\/01-mai-2015-273x300.jpg\" alt=\"01 mai 2015\" width=\"273\" height=\"300\" srcset=\"http:\/\/iamaw2468.ca\/wp-content\/uploads\/2015\/05\/01-mai-2015-273x300.jpg 273w, http:\/\/iamaw2468.ca\/wp-content\/uploads\/2015\/05\/01-mai-2015-931x1024.jpg 931w, http:\/\/iamaw2468.ca\/wp-content\/uploads\/2015\/05\/01-mai-2015-136x150.jpg 136w, http:\/\/iamaw2468.ca\/wp-content\/uploads\/2015\/05\/01-mai-2015-400x440.jpg 400w, http:\/\/iamaw2468.ca\/wp-content\/uploads\/2015\/05\/01-mai-2015.jpg 1746w\" sizes=\"auto, (max-width: 273px) 100vw, 273px\" \/><\/a><\/p>\n<p style=\"text-align: left;\">Les manifestations du 01 mai ont d\u00e9but\u00e9es tr\u00e8s t\u00f4t hier matin afin de marquer la F\u00eate Internationale des Travailleurs et lutter contre l\u2019aust\u00e9rit\u00e9 gouvernementale sur les services publics, programmes sociaux, la pauvre cr\u00e9ation d\u2019emploi, les augmentation salariales fr\u00f4lant le ridicule, ralentissement \u00e9conomique et appauvrissement de la population, des personnes \u00e2g\u00e9es, \u2026<\/p>\n<p style=\"text-align: left;\">Nathalie Meunier, communicateur<\/p>\n","protected":false},"excerpt":{"rendered":"<p>Les manifestations du 01 mai ont d\u00e9but\u00e9es tr\u00e8s t\u00f4t hier matin afin de marquer la F\u00eate Internationale des Travailleurs et lutter contre l\u2019aust\u00e9rit\u00e9 gouvernementale sur les services publics, programmes sociaux, la pauvre cr\u00e9ation d\u2019emploi, les augmentation salariales fr\u00f4lant le ridicule, ralentissement \u00e9conomique et appauvrissement de la population, des personnes \u00e2g\u00e9es, \u2026 Nathalie Meunier, communicateur<\/p>\n","protected":false},"author":7,"featured_media":0,"comment_status":"closed","ping_status":"closed","sticky":false,"template":"","format":"standard","meta":{"footnotes":""},"categories":[82],"tags":[],"class_list":["post-1797","post","type-post","status-publish","format-standard","hentry","category-retraites-es-retirees"],"_links":{"self":[{"href":"http:\/\/iamaw2468.ca\/index.php?rest_route=\/wp\/v2\/posts\/1797","targetHints":{"allow":["GET"]}}],"collection":[{"href":"http:\/\/iamaw2468.ca\/index.php?rest_route=\/wp\/v2\/posts"}],"about":[{"href":"http:\/\/iamaw2468.ca\/index.php?rest_route=\/wp\/v2\/types\/post"}],"author":[{"embeddable":true,"href":"http:\/\/iamaw2468.ca\/index.php?rest_route=\/wp\/v2\/users\/7"}],"replies":[{"embeddable":true,"href":"http:\/\/iamaw2468.ca\/index.php?rest_route=%2Fwp%2Fv2%2Fcomments&post=1797"}],"version-history":[{"count":0,"href":"http:\/\/iamaw2468.ca\/index.php?rest_route=\/wp\/v2\/posts\/1797\/revisions"}],"wp:attachment":[{"href":"http:\/\/iamaw2468.ca\/index.php?rest_route=%2Fwp%2Fv2%2Fmedia&parent=1797"}],"wp:term":[{"taxonomy":"category","embeddable":true,"href":"http:\/\/iamaw2468.ca\/index.php?rest_route=%2Fwp%2Fv2%2Fcategories&post=1797"},{"taxonomy":"post_tag","embeddable":true,"href":"http:\/\/iamaw2468.ca\/index.php?rest_route=%2Fwp%2Fv2%2Ftags&post=1797"}],"curies":[{"name":"wp","href":"https:\/\/api.w.org\/{rel}","templated":true}]}}