{"id":1806,"date":"2015-04-08T14:09:47","date_gmt":"2015-04-08T18:09:47","guid":{"rendered":"http:\/\/iamaw2468.ca\/?p=1806"},"modified":"2015-04-08T14:09:47","modified_gmt":"2015-04-08T18:09:47","slug":"reunion-generale-du-14-avril","status":"publish","type":"post","link":"http:\/\/iamaw2468.ca\/?p=1806&lang=fr","title":{"rendered":"R\u00e9union g\u00e9n\u00e9rale du 14 avril"},"content":{"rendered":"<p><b>Nomination de D\u00e9l\u00e9gu\u00e9s syndicaux et repr\u00e9sentants S&amp;S<\/b><\/p>\n<p><a href=\"http:\/\/iamaw2468.ca\/wp-content\/uploads\/2015\/04\/IAM_Steward_Button.jpg\"><br \/>\n<\/a><\/p>\n<p style=\"text-align: justify;\"><a href=\"http:\/\/iamaw2468.ca\/wp-content\/uploads\/2015\/04\/Safety_First.jpg\"><img loading=\"lazy\" decoding=\"async\" class=\"alignnone size-full wp-image-212\" src=\"http:\/\/iamaw2468.ca\/wp-content\/uploads\/2015\/04\/Safety_First.jpg\" alt=\"Safety_First\" width=\"215\" height=\"149\" srcset=\"http:\/\/iamaw2468.ca\/wp-content\/uploads\/2015\/04\/Safety_First.jpg 215w, http:\/\/iamaw2468.ca\/wp-content\/uploads\/2015\/04\/Safety_First-150x104.jpg 150w\" sizes=\"auto, (max-width: 215px) 100vw, 215px\" \/><\/a>                                            <a href=\"http:\/\/iamaw2468.ca\/wp-content\/uploads\/2015\/04\/IAM_Steward_Button.jpg\"><img loading=\"lazy\" decoding=\"async\" class=\" wp-image-218 alignnone\" src=\"http:\/\/iamaw2468.ca\/wp-content\/uploads\/2015\/04\/IAM_Steward_Button-e1428686794305-293x300.jpg\" alt=\"IAM_Steward_Button\" width=\"171\" height=\"175\" srcset=\"http:\/\/iamaw2468.ca\/wp-content\/uploads\/2015\/04\/IAM_Steward_Button-e1428686794305-293x300.jpg 293w, http:\/\/iamaw2468.ca\/wp-content\/uploads\/2015\/04\/IAM_Steward_Button-e1428686794305-1000x1024.jpg 1000w, http:\/\/iamaw2468.ca\/wp-content\/uploads\/2015\/04\/IAM_Steward_Button-e1428686794305-147x150.jpg 147w, http:\/\/iamaw2468.ca\/wp-content\/uploads\/2015\/04\/IAM_Steward_Button-e1428686794305-400x410.jpg 400w, http:\/\/iamaw2468.ca\/wp-content\/uploads\/2015\/04\/IAM_Steward_Button-e1428686794305.jpg 1594w\" sizes=\"auto, (max-width: 171px) 100vw, 171px\" \/><\/a><\/p>\n<p style=\"text-align: justify;\">Lors de la prochaine r\u00e9union g\u00e9n\u00e9rale du 14 avril 2015, se tiendra les nominations pour les cinq (5) positions de repr\u00e9sentants syndicaux (3 pour RRC et 2 pour Siemens) ainsi que deux (2) repr\u00e9sentants S&amp;S, un pour chaque compagnie. Veuillez trouver ci-bas une description de ces positions:  <\/p>\n<p style=\"text-align: justify;\">Le <strong>d\u00e9l\u00e9gu\u00e9\/repr\u00e9sentant syndical<\/strong> joue un r\u00f4le de premier plan lorsqu\u2019une probl\u00e9matique survient concernant un membre de la section locale ou au sein de leur groupe. Le d\u00e9l\u00e9gu\u00e9 est aux aguets sur le front int\u00e9rieur quant \u00e0 l\u2019interpr\u00e9tation ou l\u2019application de la Convention Collective impliquant un membre de l\u2019unit\u00e9 syndicale ou non. Il peut arriver que le repr\u00e9sentant syndical doive assister au r\u00e8glement de diff\u00e9rents entre la compagnie et un membre syndiqu\u00e9. Il priorisera dependant la r\u00e9solution de probl\u00e8me sur le terrain avant de l\u2019amener \u00e0 un niveau sup\u00e9rieur. La position peut aussi impliquer la distribution d\u2019information, assister \u00e0 certaines r\u00e9unions et expliquer les clauses de la Convention Collective. De bonnes comp\u00e9tences dans le domaine de la communication s\u2019av\u00e8rent d\u00e9finitivement un atout!<\/p>\n<p style=\"text-align: justify;\">Le <strong>repr\u00e9sentant en Sant\u00e9 &amp; S\u00e9curit\u00e9<\/strong> repr\u00e9sentera l\u2019unit\u00e9 syndicale au sein du Comit\u00e9 S&amp;S de chacune des companies (le titre peut vari\u00e9). Le repr\u00e9sentant fera le guet afin de d\u00e9tecter toutes conditions dangeureuses au sein de l\u2019environnement de travail et cherchera toujours \u00e0 rem\u00e9dier aux situations en des temps opportuns. Les membres pourront le contacter pour toute question relative \u00e0 la S&amp;S. Le repr\u00e9sentant devra assister aux r\u00e9unions du Comit\u00e9 S&amp;S. Une experience en Sant\u00e9 et S\u00e9curit\u00e9 s\u2019av\u00e8re un atout mais n\u2019est point essentielle.    <\/p>\n<p style=\"text-align: justify;\">Pour ces deux positions, la participation aux r\u00e9unions g\u00e9n\u00e9rales mensuelles est requise afin de tenir les membres de la section locale inform\u00e9s du sujet. Une formation sera pr\u00e9vue dans les deux cas. <\/p>\n<p>Pour plus d\u2019information, veuillez contacter Nathalie Meunier, Shahira Azmy, Matt McGinn ou moi-m\u00eame.<\/p>\n","protected":false},"excerpt":{"rendered":"<p>Nomination de D\u00e9l\u00e9gu\u00e9s syndicaux et repr\u00e9sentants S&amp;S Lors de la prochaine r\u00e9union g\u00e9n\u00e9rale du 14 avril 2015, se tiendra les nominations pour les cinq (5) positions de repr\u00e9sentants syndicaux (3 pour RRC et 2 pour Siemens) ainsi que deux (2) repr\u00e9sentants S&amp;S, un pour chaque compagnie. Veuillez trouver ci-bas une description de ces positions: Le d\u00e9l\u00e9gu\u00e9\/repr\u00e9sentant syndical joue un r\u00f4le<\/p>\n","protected":false},"author":2,"featured_media":0,"comment_status":"closed","ping_status":"closed","sticky":false,"template":"","format":"standard","meta":{"footnotes":""},"categories":[82],"tags":[],"class_list":["post-1806","post","type-post","status-publish","format-standard","hentry","category-retraites-es-retirees"],"_links":{"self":[{"href":"http:\/\/iamaw2468.ca\/index.php?rest_route=\/wp\/v2\/posts\/1806","targetHints":{"allow":["GET"]}}],"collection":[{"href":"http:\/\/iamaw2468.ca\/index.php?rest_route=\/wp\/v2\/posts"}],"about":[{"href":"http:\/\/iamaw2468.ca\/index.php?rest_route=\/wp\/v2\/types\/post"}],"author":[{"embeddable":true,"href":"http:\/\/iamaw2468.ca\/index.php?rest_route=\/wp\/v2\/users\/2"}],"replies":[{"embeddable":true,"href":"http:\/\/iamaw2468.ca\/index.php?rest_route=%2Fwp%2Fv2%2Fcomments&post=1806"}],"version-history":[{"count":0,"href":"http:\/\/iamaw2468.ca\/index.php?rest_route=\/wp\/v2\/posts\/1806\/revisions"}],"wp:attachment":[{"href":"http:\/\/iamaw2468.ca\/index.php?rest_route=%2Fwp%2Fv2%2Fmedia&parent=1806"}],"wp:term":[{"taxonomy":"category","embeddable":true,"href":"http:\/\/iamaw2468.ca\/index.php?rest_route=%2Fwp%2Fv2%2Fcategories&post=1806"},{"taxonomy":"post_tag","embeddable":true,"href":"http:\/\/iamaw2468.ca\/index.php?rest_route=%2Fwp%2Fv2%2Ftags&post=1806"}],"curies":[{"name":"wp","href":"https:\/\/api.w.org\/{rel}","templated":true}]}}