{"id":1879,"date":"2025-12-16T14:23:58","date_gmt":"2025-12-16T19:23:58","guid":{"rendered":"http:\/\/iamaw2468.ca\/?p=1879"},"modified":"2025-12-16T14:36:11","modified_gmt":"2025-12-16T19:36:11","slug":"une-manifestation-syndicale-massive-a-montreal-le-29-novembre-rassemble-plus-de-50-000-membres-de-partout-au-quebec","status":"publish","type":"post","link":"http:\/\/iamaw2468.ca\/?p=1879&lang=fr","title":{"rendered":"Une manifestation syndicale massive \u00e0 Montr\u00e9al le 29 novembre rassemble plus de 50 000 membres de partout au Qu\u00e9bec"},"content":{"rendered":"\n<p>Suite au d\u00e9p\u00f4t de plusieurs projets de loi impopulaires par le gouvernement de la CAQ, les syndicats de toute la province se sont rassembl\u00e9s \u00e0 Montr\u00e9al contre l&#8217;un d&#8217;entre eux en particulier, le projet de loi 3.<\/p>\n\n\n\n<p>Qui profite r\u00e9ellement du projet de loi 3&nbsp;?<\/p>\n\n\n\n<p>Les gagnants&nbsp;:<\/p>\n\n\n\n<p>\uf0fc Les employeurs (plus de pouvoir, moins de r\u00e9sistance syndicale)<br>\uf0fc Les cabinets comptables (25 millions de dollars par ann\u00e9e)<\/p>\n\n\n\n<p>\uf0fc Le gouvernement de la CAQ (affaiblissement d&#8217;un contrepoids)<\/p>\n\n\n\n<p>\uf0fc Le milieu des affaires (retour sur investissement politique)<\/p>\n\n\n\n<p>Les perdants&nbsp;:<\/p>\n\n\n\n<p>\uf0fc Les travailleurs (moins de protection)<\/p>\n\n\n\n<p>\uf0fc Les syndicats (ressources d\u00e9tourn\u00e9es, d\u00e9mocratie affaiblie)<\/p>\n\n\n\n<p>\uf0fc La soci\u00e9t\u00e9 civile (perte d&#8217;un contrepoids)<\/p>\n\n\n\n<p>\uf0fc La d\u00e9mocratie qu\u00e9b\u00e9coise (atteinte \u00e0 la libert\u00e9 d&#8217;association)<\/p>\n\n\n\n<p>Le projet de loi 3 pr\u00e9tend lib\u00e9rer les travailleurs de leurs syndicats, alors qu&#8217;en r\u00e9alit\u00e9, il vise \u00e0 lib\u00e9rer les employeurs de la r\u00e9sistance syndicale.<\/p>\n\n\n\n<p>La meilleure d\u00e9fense contre cette doctrine&nbsp;? L&#8217;analyse critique, les faits et la mobilisation.<\/p>\n\n\n\n<p>C\u2019est pourquoi il est essentiel de d\u00e9noncer publiquement cette dangereuse strat\u00e9gie politique et de se mobiliser contre le projet de loi 3.<\/p>\n\n\n\n<p>Le Conseil r\u00e9gional de la QFL a adopt\u00e9 une d\u00e9claration de solidarit\u00e9 et un appel \u00e0 l\u2019action pour le 29 novembre, sous le th\u00e8me \u00ab L\u2019hiver sera chaud \u00bb. Par cette d\u00e9claration, nous d\u00e9non\u00e7ons les revers et les attaques du gouvernement de la CAQ contre les travailleurs, r\u00e9affirmons notre soutien aux luttes en cours dans plusieurs secteurs et soulignons notre intention de faire de la QFL \u00e0 Montr\u00e9al un v\u00e9ritable point de ralliement.<\/p>\n\n\n\n<details class=\"wp-block-details is-layout-flow wp-block-details-is-layout-flow\"><summary><\/summary>\n<p><\/p>\n<\/details>\n\n\n\n<figure class=\"wp-block-image size-large\"><img loading=\"lazy\" decoding=\"async\" width=\"1024\" height=\"768\" src=\"http:\/\/iamaw2468.ca\/wp-content\/uploads\/IMG_8978jpg-1-1024x768.jpg\" alt=\"\" class=\"wp-image-1863\" srcset=\"http:\/\/iamaw2468.ca\/wp-content\/uploads\/IMG_8978jpg-1-1024x768.jpg 1024w, http:\/\/iamaw2468.ca\/wp-content\/uploads\/IMG_8978jpg-1-300x225.jpg 300w, http:\/\/iamaw2468.ca\/wp-content\/uploads\/IMG_8978jpg-1-768x576.jpg 768w, http:\/\/iamaw2468.ca\/wp-content\/uploads\/IMG_8978jpg-1-1536x1152.jpg 1536w, http:\/\/iamaw2468.ca\/wp-content\/uploads\/IMG_8978jpg-1-2048x1536.jpg 2048w\" sizes=\"auto, (max-width: 1024px) 100vw, 1024px\" \/><\/figure>\n\n\n\n<figure class=\"wp-block-image size-large\"><img loading=\"lazy\" decoding=\"async\" width=\"1024\" height=\"768\" src=\"http:\/\/iamaw2468.ca\/wp-content\/uploads\/IMG_8982jpg-1024x768.jpg\" alt=\"\" class=\"wp-image-1867\" srcset=\"http:\/\/iamaw2468.ca\/wp-content\/uploads\/IMG_8982jpg-1024x768.jpg 1024w, http:\/\/iamaw2468.ca\/wp-content\/uploads\/IMG_8982jpg-300x225.jpg 300w, http:\/\/iamaw2468.ca\/wp-content\/uploads\/IMG_8982jpg-768x576.jpg 768w, http:\/\/iamaw2468.ca\/wp-content\/uploads\/IMG_8982jpg-1536x1152.jpg 1536w, http:\/\/iamaw2468.ca\/wp-content\/uploads\/IMG_8982jpg-2048x1536.jpg 2048w\" sizes=\"auto, (max-width: 1024px) 100vw, 1024px\" \/><\/figure>\n\n\n\n<figure class=\"wp-block-image size-large\"><img loading=\"lazy\" decoding=\"async\" width=\"768\" height=\"1024\" src=\"http:\/\/iamaw2468.ca\/wp-content\/uploads\/IMG_8996jpg-768x1024.jpg\" alt=\"\" class=\"wp-image-1869\" srcset=\"http:\/\/iamaw2468.ca\/wp-content\/uploads\/IMG_8996jpg-768x1024.jpg 768w, http:\/\/iamaw2468.ca\/wp-content\/uploads\/IMG_8996jpg-225x300.jpg 225w, http:\/\/iamaw2468.ca\/wp-content\/uploads\/IMG_8996jpg-1152x1536.jpg 1152w, http:\/\/iamaw2468.ca\/wp-content\/uploads\/IMG_8996jpg-1536x2048.jpg 1536w, http:\/\/iamaw2468.ca\/wp-content\/uploads\/IMG_8996jpg-scaled.jpg 1920w\" sizes=\"auto, (max-width: 768px) 100vw, 768px\" \/><\/figure>\n\n\n\n<figure class=\"wp-block-image size-large\"><img loading=\"lazy\" decoding=\"async\" width=\"1024\" height=\"768\" src=\"http:\/\/iamaw2468.ca\/wp-content\/uploads\/IMG_9016jpg-1024x768.jpg\" alt=\"\" class=\"wp-image-1871\" srcset=\"http:\/\/iamaw2468.ca\/wp-content\/uploads\/IMG_9016jpg-1024x768.jpg 1024w, http:\/\/iamaw2468.ca\/wp-content\/uploads\/IMG_9016jpg-300x225.jpg 300w, http:\/\/iamaw2468.ca\/wp-content\/uploads\/IMG_9016jpg-768x576.jpg 768w, http:\/\/iamaw2468.ca\/wp-content\/uploads\/IMG_9016jpg-1536x1152.jpg 1536w, http:\/\/iamaw2468.ca\/wp-content\/uploads\/IMG_9016jpg-2048x1536.jpg 2048w\" sizes=\"auto, (max-width: 1024px) 100vw, 1024px\" \/><\/figure>\n\n\n\n<figure class=\"wp-block-video\"><video height=\"1080\" style=\"aspect-ratio: 1920 \/ 1080;\" width=\"1920\" controls src=\"http:\/\/iamaw2468.ca\/wp-content\/uploads\/IMG_9018.mov\"><\/video><\/figure>\n","protected":false},"excerpt":{"rendered":"<p>Suite au d\u00e9p\u00f4t de plusieurs projets de loi impopulaires par le gouvernement de la CAQ, les syndicats de toute la province se sont rassembl\u00e9s \u00e0 Montr\u00e9al contre l&#8217;un d&#8217;entre eux en particulier, le projet de loi 3. Qui profite r\u00e9ellement du projet de loi 3&nbsp;? Les gagnants&nbsp;: \uf0fc Les employeurs (plus de pouvoir, moins de r\u00e9sistance syndicale)\uf0fc Les cabinets comptables<\/p>\n","protected":false},"author":2,"featured_media":1876,"comment_status":"closed","ping_status":"closed","sticky":false,"template":"","format":"standard","meta":{"footnotes":""},"categories":[67,60],"tags":[108,114,112,111,109,115],"class_list":["post-1879","post","type-post","status-publish","format-standard","has-post-thumbnail","hentry","category-community-action-fr","category-membres-fr","tag-108","tag-29-nov","tag-caq","tag-ftq","tag-iam","tag-pl-3"],"_links":{"self":[{"href":"http:\/\/iamaw2468.ca\/index.php?rest_route=\/wp\/v2\/posts\/1879","targetHints":{"allow":["GET"]}}],"collection":[{"href":"http:\/\/iamaw2468.ca\/index.php?rest_route=\/wp\/v2\/posts"}],"about":[{"href":"http:\/\/iamaw2468.ca\/index.php?rest_route=\/wp\/v2\/types\/post"}],"author":[{"embeddable":true,"href":"http:\/\/iamaw2468.ca\/index.php?rest_route=\/wp\/v2\/users\/2"}],"replies":[{"embeddable":true,"href":"http:\/\/iamaw2468.ca\/index.php?rest_route=%2Fwp%2Fv2%2Fcomments&post=1879"}],"version-history":[{"count":1,"href":"http:\/\/iamaw2468.ca\/index.php?rest_route=\/wp\/v2\/posts\/1879\/revisions"}],"predecessor-version":[{"id":1880,"href":"http:\/\/iamaw2468.ca\/index.php?rest_route=\/wp\/v2\/posts\/1879\/revisions\/1880"}],"wp:featuredmedia":[{"embeddable":true,"href":"http:\/\/iamaw2468.ca\/index.php?rest_route=\/wp\/v2\/media\/1876"}],"wp:attachment":[{"href":"http:\/\/iamaw2468.ca\/index.php?rest_route=%2Fwp%2Fv2%2Fmedia&parent=1879"}],"wp:term":[{"taxonomy":"category","embeddable":true,"href":"http:\/\/iamaw2468.ca\/index.php?rest_route=%2Fwp%2Fv2%2Fcategories&post=1879"},{"taxonomy":"post_tag","embeddable":true,"href":"http:\/\/iamaw2468.ca\/index.php?rest_route=%2Fwp%2Fv2%2Ftags&post=1879"}],"curies":[{"name":"wp","href":"https:\/\/api.w.org\/{rel}","templated":true}]}}